{"id":122,"count":1,"description":"","link":"https:\/\/digitalis-prekurzor.hu\/kusz-peter\/tag\/ai-ra-epitett-termek-2\/","name":"AI-ra \u00e9p\u00edtett term\u00e9k","slug":"ai-ra-epitett-termek-2","taxonomy":"post_tag","meta":[],"_links":{"self":[{"href":"https:\/\/digitalis-prekurzor.hu\/kusz-peter\/wp-json\/wp\/v2\/tags\/122","targetHints":{"allow":["GET"]}}],"collection":[{"href":"https:\/\/digitalis-prekurzor.hu\/kusz-peter\/wp-json\/wp\/v2\/tags"}],"about":[{"href":"https:\/\/digitalis-prekurzor.hu\/kusz-peter\/wp-json\/wp\/v2\/taxonomies\/post_tag"}],"wp:post_type":[{"href":"https:\/\/digitalis-prekurzor.hu\/kusz-peter\/wp-json\/wp\/v2\/posts?tags=122"}],"curies":[{"name":"wp","href":"https:\/\/api.w.org\/{rel}","templated":true}]}}